{"id":879,"date":"2019-01-04T17:00:04","date_gmt":"2019-01-04T16:00:04","guid":{"rendered":"http:\/\/www.kufstein-hilft.at\/?p=879"},"modified":"2019-04-04T11:04:35","modified_gmt":"2019-04-04T09:04:35","slug":"kommunikationstraining","status":"publish","type":"post","link":"http:\/\/www.kufstein-hilft.at\/?p=879","title":{"rendered":"Kommunikationstraining"},"content":{"rendered":"<div class=\"page\" title=\"Page 1\">\n<div class=\"section\">\n<div class=\"layoutArea\">\n<div class=\"column\">\n<p><span style=\"font-family: tahoma, arial, helvetica, sans-serif; font-size: 12pt;\">Unter der Leitung der diplomierten DaF\/DaZ-Trainerin Juffinger Katharina bieten wir f\u00fcr Personen mit Sprachniveau Deutsch A1 ein <\/span><span style=\"font-family: tahoma, arial, helvetica, sans-serif; font-size: 12pt;\"><strong>Kommunikationstraining<\/strong> an.<\/span><\/p>\n<p>&nbsp;<\/p>\n<\/div>\n<p><span style=\"font-family: tahoma, arial, helvetica, sans-serif; font-size: 12pt;\">Wir bedanken uns sehr herzlich bei der FH Kufstein f\u00fcr die zur Verf\u00fcgungstellung der R\u00e4umlichkeiten und den Stadtwerke Kufstein f\u00fcr die \u00dcbernahme der Kopierkosten des Arbeitsmateriales.<a href=\"https:\/\/stwk.at\/\"><img decoding=\"async\" loading=\"lazy\" class=\"alignnone\" src=\"http:\/\/www.kufstein-hilft.at\/wp-content\/uploads\/2019\/02\/firmenlogo_stadtwerkekufstein.jpg\" alt=\"\" width=\"2362\" height=\"454\" \/><\/a><\/span><\/p>\n<p><a href=\"https:\/\/www.fh-kufstein.ac.at\/\"><img decoding=\"async\" loading=\"lazy\" class=\"alignnone\" src=\"http:\/\/www.kufstein-hilft.at\/wp-content\/uploads\/2019\/02\/LOGO_FH-Kufstein.jpg\" alt=\"\" width=\"283\" height=\"184\" \/><\/a><\/p>\n<p>&nbsp;<\/p>\n<div class=\"column\">\n<p><span style=\"font-family: tahoma, arial, helvetica, sans-serif; font-size: 12pt;\"><strong>Globale Lernziele des Workshops:<\/strong> Die sprachliche Handlungsfa\u0308higkeit sowie die kommunikativen Fa\u0308higkeiten der Teilnehmer*innen sollen gesteigert werden. Zudem erarbeiten sie sich ihren Interessensgebieten entsprechend sprachliche Mittel wie Wortschatz, grammatikalische Regeln und interkulturelles Wissen zu den verschiedenen Themen. Sa\u0308mtliche Aufgaben und U\u0308bungen des Workshops haben \u201eeinen Sitz im Leben\u201c und beinhalten kulturelle Bezu\u0308ge auf sprachlicher sowie auf inhaltlicher Ebene. Die Teilnehmer*innen werden mit authentischen Materialen, die auf unterschiedliche Lerntypen abgestimmt wurden, in alltagsa\u0308hnlichen Kommunikationssituationen arbeiten. Die Methodik des Workshops setzt auf die Memorisierung sowie Automatisierung von alltagsnahen Wortverbindungen, die den Teilnehmer*innen in lockerer Atmospha\u0308re, fernab von Leistungsdruck, Pru\u0308fungskultur und vorgeschriebenem Wertewissen, pra\u0308sentiert werden.<\/span><\/p>\n<p><span style=\"font-family: tahoma, arial, helvetica, sans-serif; font-size: 12pt;\"><strong>Zielgruppe:<\/strong> alle Deutschlernenden ab Sprachniveau A1 (Binnendifferenzierung innerhalb der Arbeitsgruppen), maximal 20 Teilnehmer*innen<\/span><\/p>\n<\/div>\n<p><span style=\"font-size: 12pt; font-family: tahoma, arial, helvetica, sans-serif;\">Die <strong>Informationsveranstaltung<\/strong> zum Kurs findet am Do 24. J\u00e4nner um 19 Uhr in der FH Kufstein statt.<\/span><\/p>\n<div class=\"column\">\n<p><span style=\"font-family: tahoma, arial, helvetica, sans-serif; font-size: 12pt;\"><strong>Termine:<\/strong> 09.Februar, 09. Ma\u0308rz, 04. Mai, 11. Mai, 8. Juni 2019\u00a0\u00a0\u00a0\u00a0\u00a0\u00a0\u00a0\u00a0\u00a0\u00a0\u00a0\u00a0\u00a0\u00a0\u00a0\u00a0\u00a0\u00a0\u00a0\u00a0\u00a0\u00a0\u00a0\u00a0\u00a0\u00a0\u00a0 <\/span><span style=\"font-family: tahoma, arial, helvetica, sans-serif; font-size: 12pt;\">jeweils von 10.00 bis 14:00 Uhr <\/span><\/p>\n<p><span style=\"font-family: tahoma, arial, helvetica, sans-serif; font-size: 12pt;\"><strong>Ort:<\/strong> FH Kufstein, Andreas Hofer-Stra\u00dfe 7, A-6330 Kufstein<\/span><\/p>\n<p><span style=\"font-family: tahoma, arial, helvetica, sans-serif; font-size: 12pt;\"><strong>Anmeldung: <\/strong>bis 31.01.19 pers\u00f6nlich im <a href=\"http:\/\/www.kufstein-hilft.at\/?p=388\" target=\"_blank\" rel=\"noopener\">Begegnungscaf\u00e9<\/a> oder per Email an <a href=\"mailto:deutsch@kufstein-hilft.at\">deutsch@kufstein-hilft.at<\/a><br \/>\n<\/span><\/p>\n<p>&nbsp;<\/p>\n<p><strong><span style=\"font-family: tahoma, arial, helvetica, sans-serif; font-size: 12pt;\">Inhalte der Workshops<\/span><\/strong><\/p>\n<p><span style=\"font-family: tahoma, arial, helvetica, sans-serif; font-size: 12pt;\">Februar 2019: Thema \u201eEssen und Trinken\u201c<\/span><br \/>\n<span style=\"font-family: tahoma, arial, helvetica, sans-serif; font-size: 12pt;\">Lernziele: Die Teilnehmer*innen kennen verschiedene o\u0308sterreichische Speisen und Getra\u0308nke und ko\u0308nnen diese beschreiben bzw. Fragen dazu stellen und beantworten. Zusa\u0308tzlich sollen Satzstrukturen bzw. Wortverbindungen folgender Bereiche vermittelt werden: Bestellung im Restaurant, Bezahlen, Einkaufen,&#8230;<\/span><\/p>\n<p><span style=\"font-family: tahoma, arial, helvetica, sans-serif; font-size: 12pt;\">Ma\u0308rz 2019: Thema \u201eKonflikte und Probleme\u201c<\/span><br \/>\n<span style=\"font-family: tahoma, arial, helvetica, sans-serif; font-size: 12pt;\">Lernziele: Die Teilnehmer*innen ko\u0308nnen in Streitsituationen angemessen reagieren und kennen ihre Rechte in O\u0308sterreich.<\/span><\/p>\n<p><span style=\"font-family: tahoma, arial, helvetica, sans-serif; font-size: 12pt;\">Mai\/1 2019: Thema \u201eA\u0308mter, Beho\u0308rden und weitere Institutionen\u201c<\/span><br \/>\n<span style=\"font-family: tahoma, arial, helvetica, sans-serif; font-size: 12pt;\">Lernziele: Die Teilnehmer*innen kennen die Standorte, Leistungen und Anforderungen verschiedener A\u0308mter und Beho\u0308rden. Zusa\u0308tzlich sollen auch typische Situationen in Krankenha\u0308usern bzw. in Schulen thematisiert werden (Elternsprechtag,&#8230;)<\/span><\/p>\n<p><span style=\"font-family: tahoma, arial, helvetica, sans-serif; font-size: 12pt;\">Mai\/2 2019: Thema \u201eNatur und Umwelt\u201c<\/span><br \/>\n<span style=\"font-family: tahoma, arial, helvetica, sans-serif; font-size: 12pt;\">Lernziele: Die Teilnehmer*innen bescha\u0308ftigen sich einerseits mit dem Thema Umweltschutz, andererseits aber auch mit der o\u0308sterreichischen Naturlandschaft und den verschiedenen Ausflugszielen in und um Kufstein.<\/span><\/p>\n<p><span style=\"font-family: tahoma, arial, helvetica, sans-serif; font-size: 12pt;\">Juni 2019: Thema \u201eTirolerisch\u201c<\/span><br \/>\n<span style=\"font-family: tahoma, arial, helvetica, sans-serif; font-size: 12pt;\">Lernziele: Die Teilnehmer*innen kennen bzw. verstehen einfache und alltagsnahe Ausdru\u0308cke sowie Wortverbindungen des Dialekts. Zudem sollen umgangssprachliche Eigenheiten auf inhaltlicher sowie auf phonetischer Ebene gekla\u0308rt werden.<\/span><\/p>\n<\/div>\n<p><span style=\"font-family: tahoma, arial, helvetica, sans-serif; font-size: 12pt;\">Hier geht es zum <a href=\"http:\/\/www.kufstein-hilft.at\/wp-content\/uploads\/2019\/04\/Deutsch_DaF_Termine_Neu.png\" target=\"_blank\" rel=\"noopener\">Flyer<\/a>.<\/span><\/p>\n<\/div>\n<\/div>\n<\/div>\n","protected":false},"excerpt":{"rendered":"<p>Unter der Leitung der diplomierten DaF\/DaZ-Trainerin Juffinger Katharina bieten wir f\u00fcr Personen mit Sprachniveau Deutsch A1 ein Kommunikationstraining an. &nbsp;<\/p>\n","protected":false},"author":4,"featured_media":0,"comment_status":"closed","ping_status":"closed","sticky":false,"template":"","format":"standard","meta":{"footnotes":"","_jetpack_memberships_contains_paid_content":false},"categories":[1],"tags":[],"jetpack_sharing_enabled":true,"jetpack_featured_media_url":"","_links":{"self":[{"href":"http:\/\/www.kufstein-hilft.at\/index.php?rest_route=\/wp\/v2\/posts\/879"}],"collection":[{"href":"http:\/\/www.kufstein-hilft.at\/index.php?rest_route=\/wp\/v2\/posts"}],"about":[{"href":"http:\/\/www.kufstein-hilft.at\/index.php?rest_route=\/wp\/v2\/types\/post"}],"author":[{"embeddable":true,"href":"http:\/\/www.kufstein-hilft.at\/index.php?rest_route=\/wp\/v2\/users\/4"}],"replies":[{"embeddable":true,"href":"http:\/\/www.kufstein-hilft.at\/index.php?rest_route=%2Fwp%2Fv2%2Fcomments&post=879"}],"version-history":[{"count":11,"href":"http:\/\/www.kufstein-hilft.at\/index.php?rest_route=\/wp\/v2\/posts\/879\/revisions"}],"predecessor-version":[{"id":926,"href":"http:\/\/www.kufstein-hilft.at\/index.php?rest_route=\/wp\/v2\/posts\/879\/revisions\/926"}],"wp:attachment":[{"href":"http:\/\/www.kufstein-hilft.at\/index.php?rest_route=%2Fwp%2Fv2%2Fmedia&parent=879"}],"wp:term":[{"taxonomy":"category","embeddable":true,"href":"http:\/\/www.kufstein-hilft.at\/index.php?rest_route=%2Fwp%2Fv2%2Fcategories&post=879"},{"taxonomy":"post_tag","embeddable":true,"href":"http:\/\/www.kufstein-hilft.at\/index.php?rest_route=%2Fwp%2Fv2%2Ftags&post=879"}],"curies":[{"name":"wp","href":"https:\/\/api.w.org\/{rel}","templated":true}]}}